{"id":1,"date":"2022-05-12T11:49:27","date_gmt":"2022-05-12T10:49:27","guid":{"rendered":"https:\/\/adventium.es\/?p=1"},"modified":"2022-06-23T17:42:05","modified_gmt":"2022-06-23T16:42:05","slug":"llamada-a-la-participacion-de-investigadoras-y-creadoras","status":"publish","type":"post","link":"https:\/\/adventium.es\/index.php\/2022\/05\/12\/llamada-a-la-participacion-de-investigadoras-y-creadoras\/","title":{"rendered":"Llamada a la participaci\u00f3n de investigadoras y creadoras"},"content":{"rendered":"\n<h2 class=\"wp-block-heading\"><strong><mark style=\"background-color:rgba(0, 0, 0, 0)\" class=\"has-inline-color has-luminous-vivid-orange-color\">RUIDO-SILENCIO<\/mark><\/strong><\/h2>\n\n\n\n<h2 class=\"wp-block-heading\">ENCUENTROS ADVENTIUM, 2\u00aa edici\u00f3n<br>Aveinte (\u00c1vila), 1, 2 y 3 de julio de 2022<\/h2>\n\n\n\n<h2 class=\"wp-block-heading\"><mark style=\"background-color:rgba(0, 0, 0, 0)\" class=\"has-inline-color has-luminous-vivid-orange-color\">Espacio de creaci\u00f3n, reflexi\u00f3n y comunicaci\u00f3n: artes esc\u00e9nicas, audiovisuales, textualidades, acci\u00f3n y pensamiento<\/mark><\/h2>\n\n\n\n<p>A partir de la tem\u00e1tica RUIDO-SILENCIO, invitamos a la participaci\u00f3n en la 2\u00aa edici\u00f3n de los Encuentros Adventium a trav\u00e9s de ponencias, artes performativas, esc\u00e9nicas sonoras y nuevos medias.<\/p>\n\n\n\n<p>Modalidades abiertas de participaci\u00f3n:<\/p>\n\n\n\n<ul class=\"wp-block-list\"><li>Ponencias, comunicaciones, masters-class, mesas redondas o debates, desde la mirada del pensamiento o la reflexi\u00f3n teor\u00e9tica<\/li><li>Piezas de artes esc\u00e9nicas (teatro, conciertos, danza, performance)<\/li><li>Mini-residencias de investigaci\u00f3n esc\u00e9nica, literaria o te\u00f3rica<\/li><li>Exposiciones o intervenciones de artes pl\u00e1sticas\/audio-visuales<\/li><li>Presentaciones de libros, revistas, fancines u otras textualidades en formatos digitales o virtuales (webs, blogs, etc.)<\/li><li>Proyecciones de cine\/v\u00eddeo\/cortos<\/li><li>Talleres de participaci\u00f3n para ni\u00f1xs y adultxs<\/li><li>Cualquier otro formato relacionados con el pensamiento y con la acci\u00f3n creadora, siempre que est\u00e9 relacionado con la tem\u00e1tica RUIDO-SILENCIO<\/li><\/ul>\n\n\n\n<p><mark style=\"background-color:#ff6900\" class=\"has-inline-color has-white-color\">Si tienes una propuesta puedes enviar un correo a <a href=\"mailto:info@adventium.es\" target=\"_blank\" rel=\"noreferrer noopener\">info@adventium.es<\/a><br>o contactar por Telegram: @emedemenade<br>Detalla: tipo de propuesta, breve descripci\u00f3n y modo de contacto<br>Puedes acompa\u00f1ar de material sonoro, visual o te\u00f3rico que muestre tus l\u00edneas de trabajo o tus inquietudes de investigaci\u00f3n (preferiblemente el material audiovisual se facilitar\u00e1 mediante un enlace a nube o alojamiento virtual).<\/mark><\/p>\n\n\n\n<p>Estos Encuentros no cuentan con financiaci\u00f3n de ninguna entidad p\u00fablica o privada, los gastos b\u00e1sicos generados por la organizaci\u00f3n de los Encuentros ser\u00e1n sostenidos por los fondos de la Fundaci\u00f3n Instituto de Teatro Contempor\u00e1neo, que se har\u00e1 cargo de la producci\u00f3n y difusi\u00f3n. No podemos ofrecer contrapartida econ\u00f3mica a los participantes, pero s\u00ed intercambio a modo de espacio de creaci\u00f3n\/experimentaci\u00f3n, alojamiento en el propio Teatro Adventium o recaudaci\u00f3n por taquilla a trav\u00e9s de la libre aportaci\u00f3n del p\u00fablico.<\/p>\n\n\n\n<figure class=\"wp-block-image size-large\"><img loading=\"lazy\" decoding=\"async\" width=\"724\" height=\"1024\" src=\"https:\/\/adventium.es\/wp-content\/uploads\/2022\/05\/EAdventium2-C-1-724x1024.png\" alt=\"\" class=\"wp-image-68\" srcset=\"https:\/\/adventium.es\/wp-content\/uploads\/2022\/05\/EAdventium2-C-1-724x1024.png 724w, https:\/\/adventium.es\/wp-content\/uploads\/2022\/05\/EAdventium2-C-1-212x300.png 212w, https:\/\/adventium.es\/wp-content\/uploads\/2022\/05\/EAdventium2-C-1-768x1086.png 768w, https:\/\/adventium.es\/wp-content\/uploads\/2022\/05\/EAdventium2-C-1-1086x1536.png 1086w, https:\/\/adventium.es\/wp-content\/uploads\/2022\/05\/EAdventium2-C-1-1448x2048.png 1448w\" sizes=\"auto, (max-width: 724px) 100vw, 724px\" \/><\/figure>\n","protected":false},"excerpt":{"rendered":"<p>RUIDO-SILENCIO ENCUENTROS ADVENTIUM, 2\u00aa edici\u00f3nAveinte (\u00c1vila), 1, 2 y 3 de julio de 2022 Espacio de creaci\u00f3n, reflexi\u00f3n y comunicaci\u00f3n: artes esc\u00e9nicas, audiovisuales, textualidades, acci\u00f3n y pensamiento A partir de la tem\u00e1tica RUIDO-SILENCIO, invitamos a la participaci\u00f3n en la 2\u00aa edici\u00f3n de los Encuentros Adventium a trav\u00e9s de ponencias, artes performativas, esc\u00e9nicas sonoras y nuevos &hellip; <\/p>\n<p class=\"link-more\"><a href=\"https:\/\/adventium.es\/index.php\/2022\/05\/12\/llamada-a-la-participacion-de-investigadoras-y-creadoras\/\" class=\"more-link\">Continuar leyendo<span class=\"screen-reader-text\"> \u00abLlamada a la participaci\u00f3n de investigadoras y creadoras\u00bb<\/span><\/a><\/p>\n","protected":false},"author":1,"featured_media":0,"comment_status":"open","ping_status":"open","sticky":false,"template":"","format":"standard","meta":{"om_disable_all_campaigns":false,"footnotes":""},"categories":[1],"tags":[],"class_list":["post-1","post","type-post","status-publish","format-standard","hentry","category-sin-categoria"],"aioseo_notices":[],"_links":{"self":[{"href":"https:\/\/adventium.es\/index.php\/wp-json\/wp\/v2\/posts\/1","targetHints":{"allow":["GET"]}}],"collection":[{"href":"https:\/\/adventium.es\/index.php\/wp-json\/wp\/v2\/posts"}],"about":[{"href":"https:\/\/adventium.es\/index.php\/wp-json\/wp\/v2\/types\/post"}],"author":[{"embeddable":true,"href":"https:\/\/adventium.es\/index.php\/wp-json\/wp\/v2\/users\/1"}],"replies":[{"embeddable":true,"href":"https:\/\/adventium.es\/index.php\/wp-json\/wp\/v2\/comments?post=1"}],"version-history":[{"count":11,"href":"https:\/\/adventium.es\/index.php\/wp-json\/wp\/v2\/posts\/1\/revisions"}],"predecessor-version":[{"id":99,"href":"https:\/\/adventium.es\/index.php\/wp-json\/wp\/v2\/posts\/1\/revisions\/99"}],"wp:attachment":[{"href":"https:\/\/adventium.es\/index.php\/wp-json\/wp\/v2\/media?parent=1"}],"wp:term":[{"taxonomy":"category","embeddable":true,"href":"https:\/\/adventium.es\/index.php\/wp-json\/wp\/v2\/categories?post=1"},{"taxonomy":"post_tag","embeddable":true,"href":"https:\/\/adventium.es\/index.php\/wp-json\/wp\/v2\/tags?post=1"}],"curies":[{"name":"wp","href":"https:\/\/api.w.org\/{rel}","templated":true}]}}