{"id":128,"date":"2022-06-23T13:08:15","date_gmt":"2022-06-23T12:08:15","guid":{"rendered":"https:\/\/adventium.es\/?p=128"},"modified":"2023-05-24T11:34:25","modified_gmt":"2023-05-24T10:34:25","slug":"programacion-encuentros-adventium","status":"publish","type":"post","link":"https:\/\/adventium.es\/index.php\/2022\/06\/23\/programacion-encuentros-adventium\/","title":{"rendered":"Programaci\u00f3n &#8211; Encuentros Adventium"},"content":{"rendered":"\n<h2 class=\"wp-block-heading\">2\u00aa edici\u00f3n, 1-3 de julio, 2022. Aveinte, \u00c1vila<\/h2>\n\n\n\n<p>Os presentamos la programci\u00f3n de la segunda edici\u00f3n de los Encuentros Adventium. M\u00fasica, reflexi\u00f3n y performance que giran sobre el eje <strong>RUIDO-SILENCIO:<\/strong><\/p>\n\n\n\n<p><mark style=\"background-color:#ff6900\" class=\"has-inline-color\">Viernes 1 de julio<\/mark><\/p>\n\n\n\n<p><mark style=\"background-color:#abb8c3\" class=\"has-inline-color\">18:00h.<\/mark> Inauguraci\u00f3n muestra artes pl\u00e1sticas: <strong>HORIZONTE DE SILENCIO<\/strong>, por Sonsoles Gonz\u00e1lez (\u00c1vila) <a href=\"https:\/\/adventium.es\/index.php\/2022\/06\/24\/horizonte-de-silencio\/\" target=\"_blank\" rel=\"noreferrer noopener\" title=\"+info\"><mark style=\"background-color:#abb8c3\" class=\"has-inline-color\">+info<\/mark><\/a><br>La exposici\u00f3n estar\u00e1 abierta durante todo el fin de semana para ser visitada<\/p>\n\n\n\n<p><mark style=\"background-color:#abb8c3\" class=\"has-inline-color\">19:00h.<\/mark> <em>Instalaci\u00f3n \u2013 performance:<\/em> <strong>ESTANCIAS DE SILENCIO<\/strong>, por Asunci\u00f3n de \u00c1lvaro (\u00c1vila). <a href=\"https:\/\/adventium.es\/index.php\/2022\/06\/23\/estancias-de-silencio\/\" target=\"_blank\" rel=\"noreferrer noopener\"><mark style=\"background-color:#abb8c3\" class=\"has-inline-color has-luminous-vivid-orange-color\">+info<\/mark><\/a><br>La instalaci\u00f3n estar\u00e1 abierta durante todo el fin de semana para ser visitada<\/p>\n\n\n\n<p><mark style=\"background-color:#abb8c3\" class=\"has-inline-color\">21:00h.<\/mark> <em>M\u00fasica y poes\u00eda:<\/em> <strong>M\u00daSICAS POSIBLES<\/strong>, por Lara L\u00f3pez (Madrid). <a href=\"https:\/\/adventium.es\/index.php\/2022\/06\/23\/musicas-posibles\/\" target=\"_blank\" rel=\"noreferrer noopener\"><mark style=\"background-color:#abb8c3\" class=\"has-inline-color has-luminous-vivid-orange-color\">+info<\/mark><\/a><\/p>\n\n\n\n<p><mark style=\"background-color:#ff6900\" class=\"has-inline-color\">S\u00e1bado 2 de julio<\/mark><\/p>\n\n\n\n<p><mark style=\"background-color:#abb8c3\" class=\"has-inline-color\">11:00-13:00h.<\/mark> <em>Ponencias + mesa redonda con participantes y asistentes:<\/em><br>* <strong><em>El silencio del Ser<\/em><\/strong>, por Hugo Castignani <a href=\"https:\/\/adventium.es\/index.php\/2022\/06\/27\/el-silencio-del-ser\/\" target=\"_blank\" rel=\"noreferrer noopener\"><mark style=\"background-color:#abb8c3\" class=\"has-inline-color has-luminous-vivid-orange-color\">+info<\/mark><\/a><\/p>\n\n\n\n<p>* <strong><em>\u00bfLas cosas hacen ruido o los ruidos hacen cosas?<\/em><\/strong>, por Aida Fern\u00e1ndez Salvans y Jordi Claramonte Arrufat <a href=\"https:\/\/adventium.es\/index.php\/2022\/06\/24\/las-cosas-hacen-ruido-o-los-ruidos-hacen-cosas\/\" target=\"_blank\" rel=\"noreferrer noopener\"><mark style=\"background-color:#abb8c3\" class=\"has-inline-color has-luminous-vivid-orange-color\">+info<\/mark><\/a><br><br>* <strong><em>Hacer ruido para sonar como el silencio<\/em><\/strong>, por Mar\u00eda Jos\u00e9 S\u00e1nchez Leyva<\/p>\n\n\n\n<p><mark style=\"background-color:#abb8c3\" class=\"has-inline-color has-black-color\">21:00h.<\/mark> <em>Intervenci\u00f3n sonora:<\/em> <strong>PISTA SALVATGE<\/strong>, por VDLF! (Barcelona) <a href=\"https:\/\/adventium.es\/index.php\/2022\/06\/27\/pista-salvatge\/\"><mark style=\"background-color:rgba(0, 0, 0, 0)\" class=\"has-inline-color has-luminous-vivid-orange-color\">+<\/mark><\/a><a href=\"https:\/\/adventium.es\/index.php\/2022\/06\/27\/pista-salvatge\/\" target=\"_blank\" rel=\"noreferrer noopener\"><mark style=\"background-color:rgba(0, 0, 0, 0)\" class=\"has-inline-color has-luminous-vivid-orange-color\">info<\/mark><\/a><\/p>\n\n\n\n<p><mark style=\"background-color:#ff6900\" class=\"has-inline-color has-black-color\">Domingo 3 de julio<\/mark><\/p>\n\n\n\n<p><mark style=\"background-color:#abb8c3\" class=\"has-inline-color\">13:00h.<\/mark> <em>Concierto:<\/em> <strong>VIVIMOS EN UNA CI\u00c9NAGA DE RUIDO<\/strong>, por Manos que imaginan (Madrid) <a href=\"https:\/\/adventium.es\/index.php\/2022\/06\/23\/vivimos-en-una-cienaga-de-ruidos\/\" target=\"_blank\" rel=\"noreferrer noopener\"><mark style=\"background-color:#abb8c3\" class=\"has-inline-color has-luminous-vivid-orange-color\">+info<\/mark><\/a><\/p>\n\n\n\n<h2 class=\"has-text-align-center wp-block-heading\"><mark style=\"background-color:rgba(0, 0, 0, 0)\" class=\"has-inline-color has-luminous-vivid-orange-color\">&#8230; y alguna sorpresa m\u00e1s que iremos contando&#8230;<\/mark><\/h2>\n\n\n\n<h2 class=\"has-text-align-center wp-block-heading\"><strong><mark style=\"background-color:rgba(0, 0, 0, 0)\" class=\"has-inline-color has-black-color\">Todas las actividades son de libre acceso, con opci\u00f3n de aportaci\u00f3n voluntaria.<\/mark><\/strong><\/h2>\n\n\n\n<figure class=\"wp-block-image size-large\"><img loading=\"lazy\" decoding=\"async\" width=\"1024\" height=\"1024\" src=\"https:\/\/adventium.es\/wp-content\/uploads\/2022\/06\/EAdventium2-programa1080x1080-1024x1024.png\" alt=\"\" class=\"wp-image-176\" srcset=\"https:\/\/adventium.es\/wp-content\/uploads\/2022\/06\/EAdventium2-programa1080x1080-1024x1024.png 1024w, https:\/\/adventium.es\/wp-content\/uploads\/2022\/06\/EAdventium2-programa1080x1080-300x300.png 300w, https:\/\/adventium.es\/wp-content\/uploads\/2022\/06\/EAdventium2-programa1080x1080-150x150.png 150w, https:\/\/adventium.es\/wp-content\/uploads\/2022\/06\/EAdventium2-programa1080x1080-768x768.png 768w, https:\/\/adventium.es\/wp-content\/uploads\/2022\/06\/EAdventium2-programa1080x1080-100x100.png 100w, https:\/\/adventium.es\/wp-content\/uploads\/2022\/06\/EAdventium2-programa1080x1080.png 1080w\" sizes=\"auto, (max-width: 767px) 89vw, (max-width: 1000px) 54vw, (max-width: 1071px) 543px, 580px\" \/><figcaption>programa Encuentros Ruido-Silencio<\/figcaption><\/figure>\n","protected":false},"excerpt":{"rendered":"<p>2\u00aa edici\u00f3n, 1-3 de julio, 2022. Aveinte, \u00c1vila Os presentamos la programci\u00f3n de la segunda edici\u00f3n de los Encuentros Adventium. M\u00fasica, reflexi\u00f3n y performance que giran sobre el eje RUIDO-SILENCIO: Viernes 1 de julio 18:00h. Inauguraci\u00f3n muestra artes pl\u00e1sticas: HORIZONTE DE SILENCIO, por Sonsoles Gonz\u00e1lez (\u00c1vila) +infoLa exposici\u00f3n estar\u00e1 abierta durante todo el fin de &hellip; <\/p>\n<p class=\"link-more\"><a href=\"https:\/\/adventium.es\/index.php\/2022\/06\/23\/programacion-encuentros-adventium\/\" class=\"more-link\">Continuar leyendo<span class=\"screen-reader-text\"> \u00abProgramaci\u00f3n &#8211; Encuentros Adventium\u00bb<\/span><\/a><\/p>\n","protected":false},"author":1,"featured_media":0,"comment_status":"open","ping_status":"open","sticky":false,"template":"","format":"standard","meta":{"om_disable_all_campaigns":false,"footnotes":""},"categories":[1],"tags":[],"class_list":["post-128","post","type-post","status-publish","format-standard","hentry","category-sin-categoria"],"aioseo_notices":[],"_links":{"self":[{"href":"https:\/\/adventium.es\/index.php\/wp-json\/wp\/v2\/posts\/128","targetHints":{"allow":["GET"]}}],"collection":[{"href":"https:\/\/adventium.es\/index.php\/wp-json\/wp\/v2\/posts"}],"about":[{"href":"https:\/\/adventium.es\/index.php\/wp-json\/wp\/v2\/types\/post"}],"author":[{"embeddable":true,"href":"https:\/\/adventium.es\/index.php\/wp-json\/wp\/v2\/users\/1"}],"replies":[{"embeddable":true,"href":"https:\/\/adventium.es\/index.php\/wp-json\/wp\/v2\/comments?post=128"}],"version-history":[{"count":18,"href":"https:\/\/adventium.es\/index.php\/wp-json\/wp\/v2\/posts\/128\/revisions"}],"predecessor-version":[{"id":205,"href":"https:\/\/adventium.es\/index.php\/wp-json\/wp\/v2\/posts\/128\/revisions\/205"}],"wp:attachment":[{"href":"https:\/\/adventium.es\/index.php\/wp-json\/wp\/v2\/media?parent=128"}],"wp:term":[{"taxonomy":"category","embeddable":true,"href":"https:\/\/adventium.es\/index.php\/wp-json\/wp\/v2\/categories?post=128"},{"taxonomy":"post_tag","embeddable":true,"href":"https:\/\/adventium.es\/index.php\/wp-json\/wp\/v2\/tags?post=128"}],"curies":[{"name":"wp","href":"https:\/\/api.w.org\/{rel}","templated":true}]}}