{"id":141,"date":"2022-06-23T14:54:06","date_gmt":"2022-06-23T13:54:06","guid":{"rendered":"https:\/\/adventium.es\/?p=141"},"modified":"2022-06-23T14:54:21","modified_gmt":"2022-06-23T13:54:21","slug":"musicas-posibles","status":"publish","type":"post","link":"https:\/\/adventium.es\/index.php\/2022\/06\/23\/musicas-posibles\/","title":{"rendered":"M\u00fasicas posibles"},"content":{"rendered":"\n<h1 class=\"wp-block-heading\"><strong>M\u00fasica y poes\u00eda: <em>M\u00fasicas posibles<\/em>, por Lara L\u00f3pez<\/strong><\/h1>\n\n\n\n<h2 class=\"wp-block-heading\">Sobre Lara L\u00f3pez<\/h2>\n\n\n\n<div class=\"wp-block-media-text alignwide is-stacked-on-mobile\"><figure class=\"wp-block-media-text__media\"><img loading=\"lazy\" decoding=\"async\" width=\"682\" height=\"1024\" src=\"https:\/\/adventium.es\/wp-content\/uploads\/2022\/06\/WhatsApp-Image-2022-06-23-at-3.01.49-PM-682x1024.jpeg\" alt=\"\" class=\"wp-image-142 size-full\" srcset=\"https:\/\/adventium.es\/wp-content\/uploads\/2022\/06\/WhatsApp-Image-2022-06-23-at-3.01.49-PM-682x1024.jpeg 682w, https:\/\/adventium.es\/wp-content\/uploads\/2022\/06\/WhatsApp-Image-2022-06-23-at-3.01.49-PM-200x300.jpeg 200w, https:\/\/adventium.es\/wp-content\/uploads\/2022\/06\/WhatsApp-Image-2022-06-23-at-3.01.49-PM-768x1153.jpeg 768w, https:\/\/adventium.es\/wp-content\/uploads\/2022\/06\/WhatsApp-Image-2022-06-23-at-3.01.49-PM-1023x1536.jpeg 1023w, https:\/\/adventium.es\/wp-content\/uploads\/2022\/06\/WhatsApp-Image-2022-06-23-at-3.01.49-PM.jpeg 1066w\" sizes=\"auto, (max-width: 682px) 100vw, 682px\" \/><\/figure><div class=\"wp-block-media-text__content\">\n<p>Lara L\u00f3pez (C\u00e1diz, 1967) es autora de los libros <em>\u00d3xido<\/em> (Xordica, 2004), <em>Insectos<\/em> (Papeles M\u00ednimos, 2017), <em>Derivas<\/em> (Prensas Universitarias de Zaragoza, 2020) y <em>Antolog\u00eda de bolsillo<\/em> (Ediciones Liliputienses, 2021). Ha participado en antolog\u00edas como <em>La casa del poeta<\/em> (Trampa Ediciones) o <em>Granada es una ciudad de miradores<\/em> (M\u00e1rgenes Arquitectura). Imparte m\u00f3dulos en el M\u00e1ster de Poes\u00eda de la Escuela de Escritores y el M\u00e1ster de Industria Musical y Estudios Sonoros (MIMES) de la Universidad Carlos III. Vinculada a RTVE desde 1987 en diferentes programas de radio y televisi\u00f3n. Fue directora de Radio 3 y en la actualidad dirige y presenta M\u00fasicas Posibles los fines de semana en RNE.<\/p>\n\n\n\n<p><a href=\"https:\/\/www.laralopez.com\/\" target=\"_blank\" rel=\"noreferrer noopener\" title=\"\">www.laralopez.com<\/a><\/p>\n\n\n\n<p><a href=\"https:\/\/www.instagram.com\/laralopezrne\/\" target=\"_blank\" rel=\"noreferrer noopener\">@laralopezrne<\/a><\/p>\n<\/div><\/div>\n","protected":false},"excerpt":{"rendered":"<p>M\u00fasica y poes\u00eda: M\u00fasicas posibles, por Lara L\u00f3pez Sobre Lara L\u00f3pez Lara L\u00f3pez (C\u00e1diz, 1967) es autora de los libros \u00d3xido (Xordica, 2004), Insectos (Papeles M\u00ednimos, 2017), Derivas (Prensas Universitarias de Zaragoza, 2020) y Antolog\u00eda de bolsillo (Ediciones Liliputienses, 2021). Ha participado en antolog\u00edas como La casa del poeta (Trampa Ediciones) o Granada es una &hellip; <\/p>\n<p class=\"link-more\"><a href=\"https:\/\/adventium.es\/index.php\/2022\/06\/23\/musicas-posibles\/\" class=\"more-link\">Continuar leyendo<span class=\"screen-reader-text\"> \u00abM\u00fasicas posibles\u00bb<\/span><\/a><\/p>\n","protected":false},"author":1,"featured_media":0,"comment_status":"open","ping_status":"open","sticky":false,"template":"","format":"standard","meta":{"om_disable_all_campaigns":false,"footnotes":""},"categories":[1],"tags":[],"class_list":["post-141","post","type-post","status-publish","format-standard","hentry","category-sin-categoria"],"aioseo_notices":[],"_links":{"self":[{"href":"https:\/\/adventium.es\/index.php\/wp-json\/wp\/v2\/posts\/141","targetHints":{"allow":["GET"]}}],"collection":[{"href":"https:\/\/adventium.es\/index.php\/wp-json\/wp\/v2\/posts"}],"about":[{"href":"https:\/\/adventium.es\/index.php\/wp-json\/wp\/v2\/types\/post"}],"author":[{"embeddable":true,"href":"https:\/\/adventium.es\/index.php\/wp-json\/wp\/v2\/users\/1"}],"replies":[{"embeddable":true,"href":"https:\/\/adventium.es\/index.php\/wp-json\/wp\/v2\/comments?post=141"}],"version-history":[{"count":2,"href":"https:\/\/adventium.es\/index.php\/wp-json\/wp\/v2\/posts\/141\/revisions"}],"predecessor-version":[{"id":144,"href":"https:\/\/adventium.es\/index.php\/wp-json\/wp\/v2\/posts\/141\/revisions\/144"}],"wp:attachment":[{"href":"https:\/\/adventium.es\/index.php\/wp-json\/wp\/v2\/media?parent=141"}],"wp:term":[{"taxonomy":"category","embeddable":true,"href":"https:\/\/adventium.es\/index.php\/wp-json\/wp\/v2\/categories?post=141"},{"taxonomy":"post_tag","embeddable":true,"href":"https:\/\/adventium.es\/index.php\/wp-json\/wp\/v2\/tags?post=141"}],"curies":[{"name":"wp","href":"https:\/\/api.w.org\/{rel}","templated":true}]}}