{"id":229,"date":"2023-10-17T14:59:18","date_gmt":"2023-10-17T13:59:18","guid":{"rendered":"https:\/\/adventium.es\/?p=229"},"modified":"2023-10-17T14:59:18","modified_gmt":"2023-10-17T13:59:18","slug":"teatro-perra-vida-dulces-suenos","status":"publish","type":"post","link":"https:\/\/adventium.es\/index.php\/2023\/10\/17\/teatro-perra-vida-dulces-suenos\/","title":{"rendered":"Teatro: Perra vida, dulces sue\u00f1os"},"content":{"rendered":"\n<h1 class=\"wp-block-heading has-vivid-red-color has-text-color\">Teatro: <strong>Perra vida, dulces sue\u00f1os<\/strong>,<br>de Miguel Morillo, <em>por la c\u00eda. El Montacargas (Madrid)<\/em><\/h1>\n\n\n\n<h2 class=\"wp-block-heading\">Una divertida per-versi\u00f3n de <em>La vida es sue\u00f1o<\/em><\/h2>\n\n\n\n<h2 class=\"wp-block-heading has-black-color has-vivid-red-background-color has-text-color has-background\"><strong>11 de noviembre de 2023, 20:20h.<\/strong><\/h2>\n\n\n\n<p>Reserva tu entrada whatsapp \/\/ t\u00e9legram: 686534777<\/p>\n\n\n\n<p>Aportaci\u00f3n 10\u20ac<\/p>\n\n\n\n<figure class=\"wp-block-image size-large\"><img loading=\"lazy\" decoding=\"async\" width=\"724\" height=\"1024\" src=\"https:\/\/adventium.es\/wp-content\/uploads\/2023\/10\/CARTELperraA3gira-724x1024.jpg\" alt=\"\" class=\"wp-image-231\" srcset=\"https:\/\/adventium.es\/wp-content\/uploads\/2023\/10\/CARTELperraA3gira-724x1024.jpg 724w, https:\/\/adventium.es\/wp-content\/uploads\/2023\/10\/CARTELperraA3gira-212x300.jpg 212w, https:\/\/adventium.es\/wp-content\/uploads\/2023\/10\/CARTELperraA3gira-768x1086.jpg 768w, https:\/\/adventium.es\/wp-content\/uploads\/2023\/10\/CARTELperraA3gira-1086x1536.jpg 1086w, https:\/\/adventium.es\/wp-content\/uploads\/2023\/10\/CARTELperraA3gira-1448x2048.jpg 1448w, https:\/\/adventium.es\/wp-content\/uploads\/2023\/10\/CARTELperraA3gira-scaled.jpg 1810w\" sizes=\"auto, (max-width: 724px) 100vw, 724px\" \/><\/figure>\n\n\n\n<p><em>Perra vida, Dulces sue\u00f1os<\/em>, es una <strong>comedia de humor negro<\/strong> de dos antih\u00e9roes urbanos: \u00e9l, encerrado en la c\u00e1rcel de su trabajo, y ella, enjaulada en sus ilusiones, dos destinos, la astrolog\u00eda, una cena de empresa, la crisis, unos sue\u00f1os delirantes, una acci\u00f3n trepidante, Roberto Carlos, el cantante brasile\u00f1o, Barbra Streisand, un estrangulamiento abortado, una seducci\u00f3n por codicia, dos encarcelados, dos liberaciones, un futuro, una esperanza, una ilusi\u00f3n&#8230; \u00bfQu\u00e9 es la vida?<\/p>\n\n\n\n<p>En la l\u00ednea de autores contempor\u00e1neos como Rodrigo Garc\u00eda, Miguel es, sin embargo, mucho m\u00e1s \u201cdulce\u201d con su cuchillo diseccionador de la realidad, presenta personajes \u201cqueribles\u201d, que sue\u00f1an y se enternecen, aunque tambi\u00e9n odien y se jodan, con un humor \u00e1cido y extrovertido, inseparable de la situaci\u00f3n dram\u00e1tica, con un \u201cverbo\u201d imparable, fluido y sin complejos, que llega al alma y al coraz\u00f3n de absolutamente todos. Garantizado.<\/p>\n\n\n\n<figure class=\"wp-block-embed is-type-video is-provider-youtube wp-block-embed-youtube wp-embed-aspect-4-3 wp-has-aspect-ratio\"><div class=\"wp-block-embed__wrapper\">\n<iframe loading=\"lazy\" title=\"Perra vida Dulces sue\u00f1os - Trailer\" width=\"525\" height=\"394\" src=\"https:\/\/www.youtube.com\/embed\/IEfj8PZR9DM?feature=oembed\" frameborder=\"0\" allow=\"accelerometer; autoplay; clipboard-write; encrypted-media; gyroscope; picture-in-picture; web-share\" referrerpolicy=\"strict-origin-when-cross-origin\" allowfullscreen><\/iframe>\n<\/div><\/figure>\n\n\n\n<p><strong>Ficha art\u00edstica:<\/strong><\/p>\n\n\n\n<p><strong>Interpretaci\u00f3n: <\/strong>Aurora Navarro, Manuel Fern\u00e1ndez Nieves<br><strong>Autor, Direcci\u00f3n y Espacio esc\u00e9nico: <\/strong>Miguel Morillo <br><strong>Vestuario: <\/strong>Essy Gnomo<br><strong>M\u00fasica: <\/strong>Manu Gallego, Juan Luis Sancho (H.Plus) <br><strong>Efectos sonido: <\/strong>Andr\u00e9s Hern\u00e1ndez<br><strong>Fotos: <\/strong>Carlos Bandres, Manon Genet <br><strong>Promoci\u00f3n y Prensa: <\/strong>Manon Genet <br><strong>Producci\u00f3n: <\/strong>El Montacargas, Aurora Navarro <br><strong>Colaboraciones: <\/strong>Javier Botella, Jota Fern\u00e1ndez, Pan Alvaro, Oscar Sainz, Sonia Zubiaga (Sayko estilistas)<\/p>\n\n\n\n<figure class=\"wp-block-gallery has-nested-images columns-default is-cropped wp-block-gallery-1 is-layout-flex wp-block-gallery-is-layout-flex\">\n<figure class=\"wp-block-image size-large\"><img loading=\"lazy\" decoding=\"async\" width=\"768\" height=\"1024\" data-id=\"237\" src=\"https:\/\/adventium.es\/wp-content\/uploads\/2023\/10\/IMG_8764-copia-768x1024.jpg\" alt=\"\" class=\"wp-image-237\" srcset=\"https:\/\/adventium.es\/wp-content\/uploads\/2023\/10\/IMG_8764-copia-768x1024.jpg 768w, https:\/\/adventium.es\/wp-content\/uploads\/2023\/10\/IMG_8764-copia-225x300.jpg 225w, https:\/\/adventium.es\/wp-content\/uploads\/2023\/10\/IMG_8764-copia-1152x1536.jpg 1152w, https:\/\/adventium.es\/wp-content\/uploads\/2023\/10\/IMG_8764-copia-1536x2048.jpg 1536w, https:\/\/adventium.es\/wp-content\/uploads\/2023\/10\/IMG_8764-copia-scaled.jpg 1920w\" sizes=\"auto, (max-width: 767px) 89vw, (max-width: 1000px) 54vw, (max-width: 1071px) 543px, 580px\" \/><\/figure>\n\n\n\n<figure class=\"wp-block-image size-large\"><img loading=\"lazy\" decoding=\"async\" width=\"1024\" height=\"759\" data-id=\"236\" src=\"https:\/\/adventium.es\/wp-content\/uploads\/2023\/10\/perravida3-copia-1024x759.jpg\" alt=\"\" class=\"wp-image-236\" srcset=\"https:\/\/adventium.es\/wp-content\/uploads\/2023\/10\/perravida3-copia-1024x759.jpg 1024w, https:\/\/adventium.es\/wp-content\/uploads\/2023\/10\/perravida3-copia-300x222.jpg 300w, https:\/\/adventium.es\/wp-content\/uploads\/2023\/10\/perravida3-copia-768x570.jpg 768w, https:\/\/adventium.es\/wp-content\/uploads\/2023\/10\/perravida3-copia-1536x1139.jpg 1536w, https:\/\/adventium.es\/wp-content\/uploads\/2023\/10\/perravida3-copia-2048x1519.jpg 2048w\" sizes=\"auto, (max-width: 767px) 89vw, (max-width: 1000px) 54vw, (max-width: 1071px) 543px, 580px\" \/><\/figure>\n\n\n\n<figure class=\"wp-block-image size-large\"><img loading=\"lazy\" decoding=\"async\" width=\"400\" height=\"637\" data-id=\"235\" src=\"https:\/\/adventium.es\/wp-content\/uploads\/2023\/10\/Perravida4-copia.jpg\" alt=\"\" class=\"wp-image-235\" srcset=\"https:\/\/adventium.es\/wp-content\/uploads\/2023\/10\/Perravida4-copia.jpg 400w, https:\/\/adventium.es\/wp-content\/uploads\/2023\/10\/Perravida4-copia-188x300.jpg 188w\" sizes=\"auto, (max-width: 400px) 100vw, 400px\" \/><\/figure>\n<\/figure>\n","protected":false},"excerpt":{"rendered":"<p>Teatro: Perra vida, dulces sue\u00f1os,de Miguel Morillo, por la c\u00eda. El Montacargas (Madrid) Una divertida per-versi\u00f3n de La vida es sue\u00f1o 11 de noviembre de 2023, 20:20h. Reserva tu entrada whatsapp \/\/ t\u00e9legram: 686534777 Aportaci\u00f3n 10\u20ac Perra vida, Dulces sue\u00f1os, es una comedia de humor negro de dos antih\u00e9roes urbanos: \u00e9l, encerrado en la c\u00e1rcel &hellip; <\/p>\n<p class=\"link-more\"><a href=\"https:\/\/adventium.es\/index.php\/2023\/10\/17\/teatro-perra-vida-dulces-suenos\/\" class=\"more-link\">Continuar leyendo<span class=\"screen-reader-text\"> \u00abTeatro: Perra vida, dulces sue\u00f1os\u00bb<\/span><\/a><\/p>\n","protected":false},"author":1,"featured_media":0,"comment_status":"open","ping_status":"open","sticky":false,"template":"","format":"standard","meta":{"om_disable_all_campaigns":false,"footnotes":""},"categories":[1],"tags":[],"class_list":["post-229","post","type-post","status-publish","format-standard","hentry","category-sin-categoria"],"aioseo_notices":[],"_links":{"self":[{"href":"https:\/\/adventium.es\/index.php\/wp-json\/wp\/v2\/posts\/229","targetHints":{"allow":["GET"]}}],"collection":[{"href":"https:\/\/adventium.es\/index.php\/wp-json\/wp\/v2\/posts"}],"about":[{"href":"https:\/\/adventium.es\/index.php\/wp-json\/wp\/v2\/types\/post"}],"author":[{"embeddable":true,"href":"https:\/\/adventium.es\/index.php\/wp-json\/wp\/v2\/users\/1"}],"replies":[{"embeddable":true,"href":"https:\/\/adventium.es\/index.php\/wp-json\/wp\/v2\/comments?post=229"}],"version-history":[{"count":3,"href":"https:\/\/adventium.es\/index.php\/wp-json\/wp\/v2\/posts\/229\/revisions"}],"predecessor-version":[{"id":238,"href":"https:\/\/adventium.es\/index.php\/wp-json\/wp\/v2\/posts\/229\/revisions\/238"}],"wp:attachment":[{"href":"https:\/\/adventium.es\/index.php\/wp-json\/wp\/v2\/media?parent=229"}],"wp:term":[{"taxonomy":"category","embeddable":true,"href":"https:\/\/adventium.es\/index.php\/wp-json\/wp\/v2\/categories?post=229"},{"taxonomy":"post_tag","embeddable":true,"href":"https:\/\/adventium.es\/index.php\/wp-json\/wp\/v2\/tags?post=229"}],"curies":[{"name":"wp","href":"https:\/\/api.w.org\/{rel}","templated":true}]}}