{"id":239,"date":"2023-10-17T15:21:36","date_gmt":"2023-10-17T14:21:36","guid":{"rendered":"https:\/\/adventium.es\/?p=239"},"modified":"2023-10-17T15:21:36","modified_gmt":"2023-10-17T14:21:36","slug":"teatro-danza-contra-tiempo","status":"publish","type":"post","link":"https:\/\/adventium.es\/index.php\/2023\/10\/17\/teatro-danza-contra-tiempo\/","title":{"rendered":"Teatro-danza: Contra-tiempo"},"content":{"rendered":"\n<h1 class=\"wp-block-heading has-vivid-red-color has-text-color\"><strong>Teatro-danza: CONTRA-TIEMPO<\/strong><br>por Calema Producciones<\/h1>\n\n\n\n<h2 class=\"wp-block-heading has-black-color has-vivid-red-background-color has-text-color has-background\"><strong>3 de diciembre de 2023, 19:00h.<\/strong><\/h2>\n\n\n\n<p>Reserva tu entrada whatsapp \/\/ t\u00e9legram: 686534777<\/p>\n\n\n\n<p>Aportaci\u00f3n 10\u20ac<\/p>\n\n\n\n<figure class=\"wp-block-image size-large\"><img loading=\"lazy\" decoding=\"async\" width=\"736\" height=\"1024\" src=\"https:\/\/adventium.es\/wp-content\/uploads\/2023\/10\/Cartel-contra-tiempo-736x1024.jpeg\" alt=\"\" class=\"wp-image-240\" srcset=\"https:\/\/adventium.es\/wp-content\/uploads\/2023\/10\/Cartel-contra-tiempo-736x1024.jpeg 736w, https:\/\/adventium.es\/wp-content\/uploads\/2023\/10\/Cartel-contra-tiempo-216x300.jpeg 216w, https:\/\/adventium.es\/wp-content\/uploads\/2023\/10\/Cartel-contra-tiempo-768x1069.jpeg 768w, https:\/\/adventium.es\/wp-content\/uploads\/2023\/10\/Cartel-contra-tiempo-1104x1536.jpeg 1104w, https:\/\/adventium.es\/wp-content\/uploads\/2023\/10\/Cartel-contra-tiempo.jpeg 1472w\" sizes=\"auto, (max-width: 736px) 100vw, 736px\" \/><\/figure>\n\n\n\n<p>Tres cuerpos viajan a CONTRA-TIEMPO y nos comparten su <em>h\u00e1bitat <\/em>mientras bailan a trav\u00e9s de los espacios.<\/p>\n\n\n\n<p>En Contra-Tiempo es el tiempo el que limita y el que delimita el encuentro entre ellos y los acontecimientos que se suceden.<\/p>\n\n\n\n<p>La propuesta es compartir p\u00edldoras de identidad, tiempo y la vida misma que dando igual de d\u00f3nde seamos y d\u00f3nde estemos es com\u00fan a toda la humanidad.<\/p>\n\n\n\n<figure class=\"wp-block-embed is-type-video is-provider-youtube wp-block-embed-youtube wp-embed-aspect-16-9 wp-has-aspect-ratio\"><div class=\"wp-block-embed__wrapper\">\n<iframe loading=\"lazy\" title=\"Soy un clip de CONTRA-TIEMPO (PROYECTO BR\u00daJULA II) DE CAROLINA CALEMA\" width=\"525\" height=\"295\" src=\"https:\/\/www.youtube.com\/embed\/B4SMPoqg7dk?feature=oembed\" frameborder=\"0\" allow=\"accelerometer; autoplay; clipboard-write; encrypted-media; gyroscope; picture-in-picture; web-share\" referrerpolicy=\"strict-origin-when-cross-origin\" allowfullscreen><\/iframe>\n<\/div><\/figure>\n\n\n\n<p><strong>Ficha art\u00edstica:<\/strong><\/p>\n\n\n\n<p><strong>Texto y direcci\u00f3n:<\/strong> Carolina Calema<br><strong>Asistencia de direcci\u00f3n:<\/strong> Paula Ratia de la Gala<br><strong>Int\u00e9rpretes: <\/strong>Fernanda Barrio, Fran V\u00e9lez, Russo Nnadong<br><strong>Escenograf\u00eda:<\/strong> Gustavo Brito<br><strong>Iluminaci\u00f3n: <\/strong>David Vizca\u00edno<br><strong>Espacio sonoro:<\/strong> Sergio Urcelay<br><strong>Vestuario:<\/strong> Calema Producciones<br><strong>Coreograf\u00eda final: <\/strong>Paula Ratia de la Gala<br>Las <strong>canciones<\/strong> Borracha con el pelo mojada y Yeite pertenecen a Mail\u00e9n Pankonin <strong>Comunicaci\u00f3n:<\/strong> Ver\u00f3nica Imedio P\u00e9rez<br><strong>Cartel:<\/strong> Jorge M\u00e9ndez<br><strong>Fotos y videos:<\/strong> Antia Goyene y Santiago Hermoso<br><strong>Producci\u00f3n:<\/strong> Calema Producciones<br><em>Este proyecto se realiz\u00f3 gracias al apoyo de Iberescena, la Comunidad de Madrid e Inaem<\/em><\/p>\n\n\n\n<figure class=\"wp-block-gallery has-nested-images columns-default is-cropped wp-block-gallery-1 is-layout-flex wp-block-gallery-is-layout-flex\">\n<figure class=\"wp-block-image size-large\"><img loading=\"lazy\" decoding=\"async\" width=\"1024\" height=\"683\" data-id=\"242\" src=\"https:\/\/adventium.es\/wp-content\/uploads\/2023\/10\/CONTRA-TIEMPO.ANTIA_.GOMEZ_.II_-1024x683.jpg\" alt=\"\" class=\"wp-image-242\" srcset=\"https:\/\/adventium.es\/wp-content\/uploads\/2023\/10\/CONTRA-TIEMPO.ANTIA_.GOMEZ_.II_-1024x683.jpg 1024w, https:\/\/adventium.es\/wp-content\/uploads\/2023\/10\/CONTRA-TIEMPO.ANTIA_.GOMEZ_.II_-300x200.jpg 300w, https:\/\/adventium.es\/wp-content\/uploads\/2023\/10\/CONTRA-TIEMPO.ANTIA_.GOMEZ_.II_-768x512.jpg 768w, https:\/\/adventium.es\/wp-content\/uploads\/2023\/10\/CONTRA-TIEMPO.ANTIA_.GOMEZ_.II_-1536x1024.jpg 1536w, https:\/\/adventium.es\/wp-content\/uploads\/2023\/10\/CONTRA-TIEMPO.ANTIA_.GOMEZ_.II_-2048x1365.jpg 2048w\" sizes=\"auto, (max-width: 767px) 89vw, (max-width: 1000px) 54vw, (max-width: 1071px) 543px, 580px\" \/><\/figure>\n\n\n\n<figure class=\"wp-block-image size-large\"><img loading=\"lazy\" decoding=\"async\" width=\"723\" height=\"1024\" data-id=\"243\" src=\"https:\/\/adventium.es\/wp-content\/uploads\/2023\/10\/CONTRA-TIEMPO.ANTIA_.GOMEZ_-723x1024.jpg\" alt=\"\" class=\"wp-image-243\" srcset=\"https:\/\/adventium.es\/wp-content\/uploads\/2023\/10\/CONTRA-TIEMPO.ANTIA_.GOMEZ_-723x1024.jpg 723w, https:\/\/adventium.es\/wp-content\/uploads\/2023\/10\/CONTRA-TIEMPO.ANTIA_.GOMEZ_-212x300.jpg 212w, https:\/\/adventium.es\/wp-content\/uploads\/2023\/10\/CONTRA-TIEMPO.ANTIA_.GOMEZ_-768x1087.jpg 768w, https:\/\/adventium.es\/wp-content\/uploads\/2023\/10\/CONTRA-TIEMPO.ANTIA_.GOMEZ_-1085x1536.jpg 1085w, https:\/\/adventium.es\/wp-content\/uploads\/2023\/10\/CONTRA-TIEMPO.ANTIA_.GOMEZ_-1446x2048.jpg 1446w, https:\/\/adventium.es\/wp-content\/uploads\/2023\/10\/CONTRA-TIEMPO.ANTIA_.GOMEZ_-scaled.jpg 1808w\" sizes=\"auto, (max-width: 723px) 100vw, 723px\" \/><\/figure>\n\n\n\n<figure class=\"wp-block-image size-large\"><img loading=\"lazy\" decoding=\"async\" width=\"707\" height=\"1024\" data-id=\"244\" src=\"https:\/\/adventium.es\/wp-content\/uploads\/2023\/10\/CONTRA-TIEMPO.ANTIA_.GOMEZ_.V-707x1024.jpg\" alt=\"\" class=\"wp-image-244\" srcset=\"https:\/\/adventium.es\/wp-content\/uploads\/2023\/10\/CONTRA-TIEMPO.ANTIA_.GOMEZ_.V-707x1024.jpg 707w, https:\/\/adventium.es\/wp-content\/uploads\/2023\/10\/CONTRA-TIEMPO.ANTIA_.GOMEZ_.V-207x300.jpg 207w, https:\/\/adventium.es\/wp-content\/uploads\/2023\/10\/CONTRA-TIEMPO.ANTIA_.GOMEZ_.V-768x1113.jpg 768w, https:\/\/adventium.es\/wp-content\/uploads\/2023\/10\/CONTRA-TIEMPO.ANTIA_.GOMEZ_.V-1060x1536.jpg 1060w, https:\/\/adventium.es\/wp-content\/uploads\/2023\/10\/CONTRA-TIEMPO.ANTIA_.GOMEZ_.V-1414x2048.jpg 1414w, https:\/\/adventium.es\/wp-content\/uploads\/2023\/10\/CONTRA-TIEMPO.ANTIA_.GOMEZ_.V-scaled.jpg 1767w\" sizes=\"auto, (max-width: 707px) 100vw, 707px\" \/><\/figure>\n\n\n\n<figure class=\"wp-block-image size-large\"><img loading=\"lazy\" decoding=\"async\" width=\"1024\" height=\"683\" data-id=\"241\" src=\"https:\/\/adventium.es\/wp-content\/uploads\/2023\/10\/CONTRA-TIEMPO.ANTIA_.GOMEZ_.I-1024x683.jpg\" alt=\"\" class=\"wp-image-241\" srcset=\"https:\/\/adventium.es\/wp-content\/uploads\/2023\/10\/CONTRA-TIEMPO.ANTIA_.GOMEZ_.I-1024x683.jpg 1024w, https:\/\/adventium.es\/wp-content\/uploads\/2023\/10\/CONTRA-TIEMPO.ANTIA_.GOMEZ_.I-300x200.jpg 300w, https:\/\/adventium.es\/wp-content\/uploads\/2023\/10\/CONTRA-TIEMPO.ANTIA_.GOMEZ_.I-768x512.jpg 768w, https:\/\/adventium.es\/wp-content\/uploads\/2023\/10\/CONTRA-TIEMPO.ANTIA_.GOMEZ_.I-1536x1024.jpg 1536w, https:\/\/adventium.es\/wp-content\/uploads\/2023\/10\/CONTRA-TIEMPO.ANTIA_.GOMEZ_.I-2048x1366.jpg 2048w\" sizes=\"auto, (max-width: 767px) 89vw, (max-width: 1000px) 54vw, (max-width: 1071px) 543px, 580px\" \/><\/figure>\n<\/figure>\n","protected":false},"excerpt":{"rendered":"<p>Teatro-danza: CONTRA-TIEMPOpor Calema Producciones 3 de diciembre de 2023, 19:00h. Reserva tu entrada whatsapp \/\/ t\u00e9legram: 686534777 Aportaci\u00f3n 10\u20ac Tres cuerpos viajan a CONTRA-TIEMPO y nos comparten su h\u00e1bitat mientras bailan a trav\u00e9s de los espacios. En Contra-Tiempo es el tiempo el que limita y el que delimita el encuentro entre ellos y los acontecimientos &hellip; <\/p>\n<p class=\"link-more\"><a href=\"https:\/\/adventium.es\/index.php\/2023\/10\/17\/teatro-danza-contra-tiempo\/\" class=\"more-link\">Continuar leyendo<span class=\"screen-reader-text\"> \u00abTeatro-danza: Contra-tiempo\u00bb<\/span><\/a><\/p>\n","protected":false},"author":1,"featured_media":0,"comment_status":"open","ping_status":"open","sticky":false,"template":"","format":"standard","meta":{"om_disable_all_campaigns":false,"footnotes":""},"categories":[1],"tags":[],"class_list":["post-239","post","type-post","status-publish","format-standard","hentry","category-sin-categoria"],"aioseo_notices":[],"_links":{"self":[{"href":"https:\/\/adventium.es\/index.php\/wp-json\/wp\/v2\/posts\/239","targetHints":{"allow":["GET"]}}],"collection":[{"href":"https:\/\/adventium.es\/index.php\/wp-json\/wp\/v2\/posts"}],"about":[{"href":"https:\/\/adventium.es\/index.php\/wp-json\/wp\/v2\/types\/post"}],"author":[{"embeddable":true,"href":"https:\/\/adventium.es\/index.php\/wp-json\/wp\/v2\/users\/1"}],"replies":[{"embeddable":true,"href":"https:\/\/adventium.es\/index.php\/wp-json\/wp\/v2\/comments?post=239"}],"version-history":[{"count":1,"href":"https:\/\/adventium.es\/index.php\/wp-json\/wp\/v2\/posts\/239\/revisions"}],"predecessor-version":[{"id":245,"href":"https:\/\/adventium.es\/index.php\/wp-json\/wp\/v2\/posts\/239\/revisions\/245"}],"wp:attachment":[{"href":"https:\/\/adventium.es\/index.php\/wp-json\/wp\/v2\/media?parent=239"}],"wp:term":[{"taxonomy":"category","embeddable":true,"href":"https:\/\/adventium.es\/index.php\/wp-json\/wp\/v2\/categories?post=239"},{"taxonomy":"post_tag","embeddable":true,"href":"https:\/\/adventium.es\/index.php\/wp-json\/wp\/v2\/tags?post=239"}],"curies":[{"name":"wp","href":"https:\/\/api.w.org\/{rel}","templated":true}]}}