{"id":310,"date":"2024-01-20T12:50:02","date_gmt":"2024-01-20T11:50:02","guid":{"rendered":"https:\/\/adventium.es\/?p=310"},"modified":"2024-03-04T17:44:05","modified_gmt":"2024-03-04T16:44:05","slug":"taller-de-creacion-e-investigacion-artistica","status":"publish","type":"post","link":"https:\/\/adventium.es\/index.php\/2024\/01\/20\/taller-de-creacion-e-investigacion-artistica\/","title":{"rendered":"Taller de creaci\u00f3n e investigaci\u00f3n art\u00edstica"},"content":{"rendered":"\n<h1 class=\"wp-block-heading\"><strong><mark style=\"background-color:rgba(0, 0, 0, 0)\" class=\"has-inline-color has-vivid-green-cyan-color\">0.1. De la idea a los materiales <\/mark><\/strong><br><mark style=\"background-color:rgba(0, 0, 0, 0)\" class=\"has-inline-color has-vivid-green-cyan-color\">impartido por Vicente Colomar \/ El Manisero<\/mark><\/h1>\n\n\n\n<h2 class=\"wp-block-heading\"><mark style=\"background-color:#00d084\" class=\"has-inline-color\">Fechas: 19, 20 y 21 de abril<\/mark><br><strong>Workshop 12 horas lectivas + alojamiento + cena de bienvenida<\/strong><\/h2>\n\n\n\n<figure class=\"wp-block-image size-large\"><img loading=\"lazy\" decoding=\"async\" width=\"1024\" height=\"1024\" src=\"https:\/\/adventium.es\/wp-content\/uploads\/2024\/02\/TALLERES-vicente1-2-1024x1024.jpg\" alt=\"\" class=\"wp-image-338\" srcset=\"https:\/\/adventium.es\/wp-content\/uploads\/2024\/02\/TALLERES-vicente1-2-1024x1024.jpg 1024w, https:\/\/adventium.es\/wp-content\/uploads\/2024\/02\/TALLERES-vicente1-2-300x300.jpg 300w, https:\/\/adventium.es\/wp-content\/uploads\/2024\/02\/TALLERES-vicente1-2-150x150.jpg 150w, https:\/\/adventium.es\/wp-content\/uploads\/2024\/02\/TALLERES-vicente1-2-768x768.jpg 768w, https:\/\/adventium.es\/wp-content\/uploads\/2024\/02\/TALLERES-vicente1-2-100x100.jpg 100w, https:\/\/adventium.es\/wp-content\/uploads\/2024\/02\/TALLERES-vicente1-2.jpg 1080w\" sizes=\"auto, (max-width: 767px) 89vw, (max-width: 1000px) 54vw, (max-width: 1071px) 543px, 580px\" \/><\/figure>\n\n\n\n<p><strong><mark style=\"background-color:#00d084\" class=\"has-inline-color\">El taller<\/mark><\/strong><\/p>\n\n\n\n<p>Este es un <strong>taller de creaci\u00f3n de car\u00e1cter pr\u00e1ctico<\/strong> que propone una serie de <strong>herramientas y estrategias creativas con las que generar materiales art\u00edsticos.<\/strong> <\/p>\n\n\n\n<p>En 0.1 pensaremos haciendo y haremos pensando hasta desarrollar y ordenar materiales creativos que nos lleven hasta la versi\u00f3n 0.1 de una propuesta art\u00edstica, una primera versi\u00f3n b\u00e1sica sobre la que trabajar y que pueda ser el inicio de una futura performance, texto, coreograf\u00eda, video, lectura, dramaturgia, instalaci\u00f3n&#8230; <\/p>\n\n\n\n<p>Enfrentarse al estudio en blanco, a la p\u00e1gina en blanco, a la pantalla del ordenado en blanco es uno de los momentos m\u00e1s complicados del proceso creativo. En este taller trabajaremos e integraremos una serie de herramientas que nos servir\u00e1n a la hora de enfrentarnos a ese momento de abismo y no quedarnos paralizados sin saber como hacer de las ideas cuerpo, acci\u00f3n, imagen, sonido&#8230; Este es uno de los momentos m\u00e1s complicados de la creaci\u00f3n, en el que muchas propuestas interesante se pierden por falta de <strong>metodolog\u00edas y estrategias.<\/strong> Tambi\u00e9n, en mi experiencia, he notado una falta de espacios de entrenamiento y aprendizaje dedicados, espec\u00edficamente, a este parte del proceso. Por eso entiendo este taller c\u00f3mo un <strong>lugar necesario abierto al ensayo, el error, la prueba, la intuici\u00f3n, la locura&#8230; Un lugar donde entrenarnos como generadores, donde aprender a proponer y a ofrecer ideas y soluciones, donde sentirnos creativos. <\/strong>Ademas de abrir un lugar de juego y ensayo para creadores, dramaturgos, core\u00f3grafos, directores, video-creadores&#8230;, <strong>este taller se dirige, de forma muy especial, a actores y bailarines&#8230;<\/strong> Por qu\u00e9 el actor, el performer, el bailar\u00edn es, ante todo, un creador que participa activamente, y que propone y compone su trabajo desde su peculiaridad.<\/p>\n\n\n\n<figure class=\"wp-block-gallery has-nested-images columns-default is-cropped wp-block-gallery-1 is-layout-flex wp-block-gallery-is-layout-flex\">\n<figure class=\"wp-block-image size-large\"><img loading=\"lazy\" decoding=\"async\" width=\"1024\" height=\"683\" data-id=\"324\" src=\"https:\/\/adventium.es\/wp-content\/uploads\/2024\/02\/DSF4002-1024x683.jpg\" alt=\"\" class=\"wp-image-324\" srcset=\"https:\/\/adventium.es\/wp-content\/uploads\/2024\/02\/DSF4002-1024x683.jpg 1024w, https:\/\/adventium.es\/wp-content\/uploads\/2024\/02\/DSF4002-300x200.jpg 300w, https:\/\/adventium.es\/wp-content\/uploads\/2024\/02\/DSF4002-768x512.jpg 768w, https:\/\/adventium.es\/wp-content\/uploads\/2024\/02\/DSF4002-1536x1024.jpg 1536w, https:\/\/adventium.es\/wp-content\/uploads\/2024\/02\/DSF4002-2048x1365.jpg 2048w\" sizes=\"auto, (max-width: 767px) 89vw, (max-width: 1000px) 54vw, (max-width: 1071px) 543px, 580px\" \/><\/figure>\n\n\n\n<figure class=\"wp-block-image size-large\"><img loading=\"lazy\" decoding=\"async\" width=\"1024\" height=\"683\" data-id=\"325\" src=\"https:\/\/adventium.es\/wp-content\/uploads\/2024\/02\/DSF4143-1024x683.jpg\" alt=\"\" class=\"wp-image-325\" srcset=\"https:\/\/adventium.es\/wp-content\/uploads\/2024\/02\/DSF4143-1024x683.jpg 1024w, https:\/\/adventium.es\/wp-content\/uploads\/2024\/02\/DSF4143-300x200.jpg 300w, https:\/\/adventium.es\/wp-content\/uploads\/2024\/02\/DSF4143-768x512.jpg 768w\" sizes=\"auto, (max-width: 767px) 89vw, (max-width: 1000px) 54vw, (max-width: 1071px) 543px, 580px\" \/><\/figure>\n\n\n\n<figure class=\"wp-block-image size-large\"><img loading=\"lazy\" decoding=\"async\" width=\"1024\" height=\"683\" data-id=\"326\" src=\"https:\/\/adventium.es\/wp-content\/uploads\/2024\/02\/DSF4152-1024x683.jpg\" alt=\"\" class=\"wp-image-326\" srcset=\"https:\/\/adventium.es\/wp-content\/uploads\/2024\/02\/DSF4152-1024x683.jpg 1024w, https:\/\/adventium.es\/wp-content\/uploads\/2024\/02\/DSF4152-300x200.jpg 300w, https:\/\/adventium.es\/wp-content\/uploads\/2024\/02\/DSF4152-768x512.jpg 768w\" sizes=\"auto, (max-width: 767px) 89vw, (max-width: 1000px) 54vw, (max-width: 1071px) 543px, 580px\" \/><\/figure>\n\n\n\n<figure class=\"wp-block-image size-large\"><img loading=\"lazy\" decoding=\"async\" width=\"1024\" height=\"683\" data-id=\"327\" src=\"https:\/\/adventium.es\/wp-content\/uploads\/2024\/02\/DSF4194-1024x683.jpg\" alt=\"\" class=\"wp-image-327\" srcset=\"https:\/\/adventium.es\/wp-content\/uploads\/2024\/02\/DSF4194-1024x683.jpg 1024w, https:\/\/adventium.es\/wp-content\/uploads\/2024\/02\/DSF4194-300x200.jpg 300w, https:\/\/adventium.es\/wp-content\/uploads\/2024\/02\/DSF4194-768x512.jpg 768w, https:\/\/adventium.es\/wp-content\/uploads\/2024\/02\/DSF4194-1536x1024.jpg 1536w, https:\/\/adventium.es\/wp-content\/uploads\/2024\/02\/DSF4194-2048x1365.jpg 2048w\" sizes=\"auto, (max-width: 767px) 89vw, (max-width: 1000px) 54vw, (max-width: 1071px) 543px, 580px\" \/><\/figure>\n\n\n\n<figure class=\"wp-block-image size-large\"><img loading=\"lazy\" decoding=\"async\" width=\"1024\" height=\"683\" data-id=\"328\" src=\"https:\/\/adventium.es\/wp-content\/uploads\/2024\/02\/DSF4265-1024x683.jpg\" alt=\"\" class=\"wp-image-328\" srcset=\"https:\/\/adventium.es\/wp-content\/uploads\/2024\/02\/DSF4265-1024x683.jpg 1024w, https:\/\/adventium.es\/wp-content\/uploads\/2024\/02\/DSF4265-300x200.jpg 300w, https:\/\/adventium.es\/wp-content\/uploads\/2024\/02\/DSF4265-768x512.jpg 768w, https:\/\/adventium.es\/wp-content\/uploads\/2024\/02\/DSF4265-1536x1024.jpg 1536w, https:\/\/adventium.es\/wp-content\/uploads\/2024\/02\/DSF4265-2048x1365.jpg 2048w\" sizes=\"auto, (max-width: 767px) 89vw, (max-width: 1000px) 54vw, (max-width: 1071px) 543px, 580px\" \/><\/figure>\n\n\n\n<figure class=\"wp-block-image size-large\"><img loading=\"lazy\" decoding=\"async\" width=\"1024\" height=\"683\" data-id=\"329\" src=\"https:\/\/adventium.es\/wp-content\/uploads\/2024\/02\/DSF4307-1024x683.jpg\" alt=\"\" class=\"wp-image-329\" srcset=\"https:\/\/adventium.es\/wp-content\/uploads\/2024\/02\/DSF4307-1024x683.jpg 1024w, https:\/\/adventium.es\/wp-content\/uploads\/2024\/02\/DSF4307-300x200.jpg 300w, https:\/\/adventium.es\/wp-content\/uploads\/2024\/02\/DSF4307-768x512.jpg 768w, https:\/\/adventium.es\/wp-content\/uploads\/2024\/02\/DSF4307-1536x1024.jpg 1536w, https:\/\/adventium.es\/wp-content\/uploads\/2024\/02\/DSF4307-2048x1365.jpg 2048w\" sizes=\"auto, (max-width: 767px) 89vw, (max-width: 1000px) 54vw, (max-width: 1071px) 543px, 580px\" \/><\/figure>\n<\/figure>\n\n\n\n<p>Fotograf\u00edas cortes\u00eda de Ilde Sandrin, en <a href=\"https:\/\/descalzinhadanza.com\/\" target=\"_blank\" rel=\"noreferrer noopener\">Espacio Descalzinha<\/a>\/ Descalzinha. <a href=\"https:\/\/www.instagram.com\/descalzinha?utm_source=ig_web_button_share_sheet&amp;igsh=ZDNlZDc0MzIxNw==\" target=\"_blank\" rel=\"noreferrer noopener\">@descalzinha<\/a> <a href=\"https:\/\/www.instagram.com\/descalzinha?utm_source=ig_web_button_share_sheet&amp;igsh=ZDNlZDc0MzIxNw==\" target=\"_blank\" rel=\"noreferrer noopener\">@espacio_descalzinha<\/a><\/p>\n\n\n\n<p><strong><mark style=\"background-color:#00d084\" class=\"has-inline-color\">Vicente Colomar \/ El Manisero<\/mark><\/strong><\/p>\n\n\n\n<p>Ha vivido, trabajo y estudiado en ciudades como: Los Angeles, Nueva York, Par\u00eds, Bruselas, Birmingham, Londres, Tel Aviv, Abuja, Madrid y Barcelona entre otras. Y ha recibido el apoyo de instituciones como: Naves Matadero, La Casa Encendida, Conde Duque, Museo Reina Sof\u00eda, Centro Coreogr\u00e1fico Canal (Madrid) La Poderosa, Graner y L\u2019Estruch (Barcelona) Centre National de la Danse (Paris) P.A.R.T.S (Bruselas) o el Hammer Museum (Los Angeles) entre otros. Ha sido director y fundador de las compa\u00f1\u00edas La Casa en el \u00c1rbol y Las Ni\u00f1as del Ma\u00edz; y socio de la asociaci\u00f3n La Radical. Desde el a\u00f1o 2016 firma su trabajos de investigaci\u00f3n art\u00edstica bajo el seud\u00f3nimo de El Manisero. <\/p>\n\n\n\n<p>Actualmente estudia el Master en Teor\u00eda y Pr\u00e1ctica de la Filosof\u00eda de la UNED y prepara la presentaci\u00f3n de su pieza \u201cIsabel, diario sonoro de una odisea contempor\u00e1nea\u201d en Teatro del Barrio donde permanecer\u00e1 en cartel todos los meses, mientras continua con su proyecto de investigaci\u00f3n esc\u00e9nica \u201cNoir c\u2019esa las noir\u201d entre Francia y Espa\u00f1a.<\/p>\n\n\n<div class=\"wp-block-image\">\n<figure class=\"aligncenter size-full\"><img loading=\"lazy\" decoding=\"async\" width=\"481\" height=\"321\" src=\"https:\/\/adventium.es\/wp-content\/uploads\/2024\/01\/Vicente-colomar-el-manisero.jpg\" alt=\"\" class=\"wp-image-313\" srcset=\"https:\/\/adventium.es\/wp-content\/uploads\/2024\/01\/Vicente-colomar-el-manisero.jpg 481w, https:\/\/adventium.es\/wp-content\/uploads\/2024\/01\/Vicente-colomar-el-manisero-300x200.jpg 300w\" sizes=\"auto, (max-width: 481px) 100vw, 481px\" \/><\/figure><\/div>\n\n\n<p><a href=\"https:\/\/www.instagram.com\/elmanisero_\/\" target=\"_blank\" rel=\"noreferrer noopener\">Instagram El Manisero<\/a> <\/p>\n\n\n\n<p><a href=\"https:\/\/vimeo.com\/elmanisero\" target=\"_blank\" rel=\"noreferrer noopener\">V\u00eddeo-web El Manisero<\/a><\/p>\n\n\n\n<p><a href=\"https:\/\/www.tiktok.com\/@el.manisero3\" target=\"_blank\" rel=\"noreferrer noopener\">Tik-Tok El Manisero<\/a><\/p>\n\n\n\n<p><strong>Taller dirigido a personas interesadas en los procesos de creaci\u00f3n art\u00edstica, con algo de experiencia en la materia.<\/strong><\/p>\n\n\n\n<p><mark style=\"background-color:rgba(0, 0, 0, 0)\" class=\"has-inline-color has-vivid-green-cyan-color\"><strong>Para m\u00e1s informaci\u00f3n sobre contenidos, metodolog\u00eda o cualquier otra cuesti\u00f3n puedes contactar a trav\u00e9s de <a href=\"https:\/\/www.instagram.com\/eadventium\" target=\"_blank\" rel=\"noreferrer noopener\">redes sociales<\/a>, correo electr\u00f3nico <a href=\"mailto:info@adventium.es\" target=\"_blank\" rel=\"noreferrer noopener\">info@adventium.es<\/a>, mensajes de <a href=\"https:\/\/chat.whatsapp.com\/JkHkDfUvNBVICMbHbozQ3O\" target=\"_blank\" rel=\"noreferrer noopener\">whatsapp<\/a> o <a href=\"https:\/\/t.me\/teatroadventium\" target=\"_blank\" rel=\"noreferrer noopener\">telegram<\/a> o llamando por tel\u00e9fono: 686534777<\/strong><\/mark><\/p>\n\n\n\n<h2 class=\"wp-block-heading\"><mark style=\"background-color:#00d084\" class=\"has-inline-color\">Fechas: 19, 20 y 21 de abril<\/mark><br><strong>Workshop 12 horas lectivas + alojamiento habitaci\u00f3n compartida + cena de bienvenida<\/strong><br><mark style=\"background-color:rgba(0, 0, 0, 0)\" class=\"has-inline-color has-vivid-green-cyan-color\">Precio: 160 \u20ac<\/mark><\/h2>\n\n\n\n<p><\/p>\n","protected":false},"excerpt":{"rendered":"<p>0.1. De la idea a los materiales impartido por Vicente Colomar \/ El Manisero Fechas: 19, 20 y 21 de abrilWorkshop 12 horas lectivas + alojamiento + cena de bienvenida El taller Este es un taller de creaci\u00f3n de car\u00e1cter pr\u00e1ctico que propone una serie de herramientas y estrategias creativas con las que generar materiales &hellip; <\/p>\n<p class=\"link-more\"><a href=\"https:\/\/adventium.es\/index.php\/2024\/01\/20\/taller-de-creacion-e-investigacion-artistica\/\" class=\"more-link\">Continuar leyendo<span class=\"screen-reader-text\"> \u00abTaller de creaci\u00f3n e investigaci\u00f3n art\u00edstica\u00bb<\/span><\/a><\/p>\n","protected":false},"author":1,"featured_media":0,"comment_status":"open","ping_status":"open","sticky":false,"template":"","format":"standard","meta":{"om_disable_all_campaigns":false,"footnotes":""},"categories":[1],"tags":[],"class_list":["post-310","post","type-post","status-publish","format-standard","hentry","category-sin-categoria"],"aioseo_notices":[],"_links":{"self":[{"href":"https:\/\/adventium.es\/index.php\/wp-json\/wp\/v2\/posts\/310","targetHints":{"allow":["GET"]}}],"collection":[{"href":"https:\/\/adventium.es\/index.php\/wp-json\/wp\/v2\/posts"}],"about":[{"href":"https:\/\/adventium.es\/index.php\/wp-json\/wp\/v2\/types\/post"}],"author":[{"embeddable":true,"href":"https:\/\/adventium.es\/index.php\/wp-json\/wp\/v2\/users\/1"}],"replies":[{"embeddable":true,"href":"https:\/\/adventium.es\/index.php\/wp-json\/wp\/v2\/comments?post=310"}],"version-history":[{"count":8,"href":"https:\/\/adventium.es\/index.php\/wp-json\/wp\/v2\/posts\/310\/revisions"}],"predecessor-version":[{"id":341,"href":"https:\/\/adventium.es\/index.php\/wp-json\/wp\/v2\/posts\/310\/revisions\/341"}],"wp:attachment":[{"href":"https:\/\/adventium.es\/index.php\/wp-json\/wp\/v2\/media?parent=310"}],"wp:term":[{"taxonomy":"category","embeddable":true,"href":"https:\/\/adventium.es\/index.php\/wp-json\/wp\/v2\/categories?post=310"},{"taxonomy":"post_tag","embeddable":true,"href":"https:\/\/adventium.es\/index.php\/wp-json\/wp\/v2\/tags?post=310"}],"curies":[{"name":"wp","href":"https:\/\/api.w.org\/{rel}","templated":true}]}}