{"id":347,"date":"2024-05-29T16:03:58","date_gmt":"2024-05-29T15:03:58","guid":{"rendered":"https:\/\/adventium.es\/?p=347"},"modified":"2024-05-29T16:03:58","modified_gmt":"2024-05-29T15:03:58","slug":"teatro-musica-isabel-diario-sonoro-de-una-odisea-contemporanea","status":"publish","type":"post","link":"https:\/\/adventium.es\/index.php\/2024\/05\/29\/teatro-musica-isabel-diario-sonoro-de-una-odisea-contemporanea\/","title":{"rendered":"Teatro \/\/ M\u00fasica: Isabel, diario sonoro de una odisea contempor\u00e1nea"},"content":{"rendered":"\n<h1 class=\"wp-block-heading\"><strong><mark style=\"background-color:rgba(0, 0, 0, 0)\" class=\"has-inline-color has-luminous-vivid-orange-color\">Teatro \/\/ M\u00fasica: Isabel, diario sonoro de una odisea contempor\u00e1nea, por Vicente Colomar \/ El Maniseo<\/mark><\/strong><\/h1>\n\n\n\n<p>Espect\u00e1culo compuesto por canciones y m\u00fasica en directo<\/p>\n\n\n\n<h1 class=\"wp-block-heading\"><strong><mark style=\"background-color:#ff6900\" class=\"has-inline-color\">S\u00e1bado, 15 de junio. 20:00h.<\/mark><\/strong><\/h1>\n\n\n\n<p><strong>Reserva tu entrada por tel\u00e9fono, whatsapp o t\u00e9legram: 686534777<\/strong><\/p>\n\n\n\n<p><strong>Aportaci\u00f3n 10\u20ac<\/strong><\/p>\n\n\n\n<figure class=\"wp-block-image size-large\"><img loading=\"lazy\" decoding=\"async\" width=\"724\" height=\"1024\" src=\"https:\/\/adventium.es\/wp-content\/uploads\/2024\/05\/ISABEL-Adventium-2024-724x1024.jpg\" alt=\"\" class=\"wp-image-348\" srcset=\"https:\/\/adventium.es\/wp-content\/uploads\/2024\/05\/ISABEL-Adventium-2024-724x1024.jpg 724w, https:\/\/adventium.es\/wp-content\/uploads\/2024\/05\/ISABEL-Adventium-2024-212x300.jpg 212w, https:\/\/adventium.es\/wp-content\/uploads\/2024\/05\/ISABEL-Adventium-2024-768x1087.jpg 768w, https:\/\/adventium.es\/wp-content\/uploads\/2024\/05\/ISABEL-Adventium-2024.jpg 826w\" sizes=\"auto, (max-width: 724px) 100vw, 724px\" \/><\/figure>\n\n\n\n<p>ISABEL trata de un viaje infinito, de una odisea que no es una b\u00fasqueda sino una huida, porque no persigue un encuentro sino una p\u00e9rdida.&nbsp;El viajero que protagoniza esta epopeya ya no quiere el saber sino el olvido. Para \u00e9l el viaje es lo \u00fanico que tiene sentido, permanecer en el aire el mayor tiempo posible, no llegar nunca a ning\u00fan lugar, s\u00f3lo volar. Cuanto m\u00e1s vuelas menos eres, cuanto m\u00e1s tiempo permaneces en el aire menos tienes que ser t\u00fa. S\u00f3lo cuando se pisa tierra, cuando se llega a alg\u00fan lugar, cuando se aterriza, es cuando uno tiene que explicarse, que expresarse, que relacionarse, que ser.<\/p>\n\n\n\n<p>ISABEL es un cabaret electr\u00f3nico literario, pero tambi\u00e9n es el show de un <em>crooner <\/em>filos\u00f3fico, una sesi\u00f3n de electr\u00f3nica para bailar, un concierto, un musical futurista, un podcast o una pieza perform\u00e1tica audiovisual. Esta condici\u00f3n de h\u00edbrido-contempor\u00e1neo, de collage de m\u00fasicas, im\u00e1genes, luces, textos, ruidos, voces\u2026 hacen que la puesta en escena se pueda acoger en diferentes marcos, no solo puramente teatrales.\u00a0<\/p>\n\n\n\n<figure class=\"wp-block-embed is-type-video is-provider-vimeo wp-block-embed-vimeo wp-embed-aspect-16-9 wp-has-aspect-ratio\"><div class=\"wp-block-embed__wrapper\">\n<iframe loading=\"lazy\" title=\"Isabel teaser\" src=\"https:\/\/player.vimeo.com\/video\/880099222?dnt=1&amp;app_id=122963\" width=\"525\" height=\"295\" frameborder=\"0\" allow=\"autoplay; fullscreen; picture-in-picture; clipboard-write; encrypted-media; web-share\" referrerpolicy=\"strict-origin-when-cross-origin\"><\/iframe>\n<\/div><figcaption class=\"wp-element-caption\">\u00a1mira este fragmento del espect\u00e1culo!<\/figcaption><\/figure>\n\n\n\n<p><strong>Actuaci\u00f3n, direcci\u00f3n y dramaturgia<\/strong>: El Manisero\/Vicente Colomar,<br><strong>M\u00fasica en directo<\/strong>: Oscar Villegas<br><strong>Canciones originales<\/strong>: Oscar Villegas y Vicente Colomar<br><strong>Video creaci\u00f3n:<\/strong> Alfonso Pazos y Vicente Colomar<br><strong>Acompa\u00f1amiento y mirada externa:<\/strong> Ricardo Santana<br><strong>Producci\u00f3n ejecutiva<\/strong>: Melanie Pindado<br><strong>Imagen y video promocional:<\/strong> Alfonso Pazos<br><strong>Agradecimientos:<\/strong> Churchill Fotos e Im\u00e1genes y La Nave. Una producci\u00f3n de El Manisero con la participaci\u00f3n de Ancor Luj\u00e1n<\/p>\n\n\n\n<figure class=\"wp-block-gallery has-nested-images columns-default is-cropped wp-block-gallery-1 is-layout-flex wp-block-gallery-is-layout-flex\">\n<figure class=\"wp-block-image size-large\"><img loading=\"lazy\" decoding=\"async\" width=\"1024\" height=\"683\" data-id=\"354\" src=\"https:\/\/adventium.es\/wp-content\/uploads\/2024\/05\/El-Manisero_Foto_1-1-1024x683.jpg\" alt=\"\" class=\"wp-image-354\" srcset=\"https:\/\/adventium.es\/wp-content\/uploads\/2024\/05\/El-Manisero_Foto_1-1-1024x683.jpg 1024w, https:\/\/adventium.es\/wp-content\/uploads\/2024\/05\/El-Manisero_Foto_1-1-300x200.jpg 300w, https:\/\/adventium.es\/wp-content\/uploads\/2024\/05\/El-Manisero_Foto_1-1-768x512.jpg 768w, https:\/\/adventium.es\/wp-content\/uploads\/2024\/05\/El-Manisero_Foto_1-1-1536x1024.jpg 1536w, https:\/\/adventium.es\/wp-content\/uploads\/2024\/05\/El-Manisero_Foto_1-1-2048x1365.jpg 2048w\" sizes=\"auto, (max-width: 767px) 89vw, (max-width: 1000px) 54vw, (max-width: 1071px) 543px, 580px\" \/><\/figure>\n\n\n\n<figure class=\"wp-block-image size-large\"><img loading=\"lazy\" decoding=\"async\" width=\"1024\" height=\"683\" data-id=\"350\" src=\"https:\/\/adventium.es\/wp-content\/uploads\/2024\/05\/El-Manisero_foto_2-1024x683.jpg\" alt=\"\" class=\"wp-image-350\" srcset=\"https:\/\/adventium.es\/wp-content\/uploads\/2024\/05\/El-Manisero_foto_2-1024x683.jpg 1024w, https:\/\/adventium.es\/wp-content\/uploads\/2024\/05\/El-Manisero_foto_2-300x200.jpg 300w, https:\/\/adventium.es\/wp-content\/uploads\/2024\/05\/El-Manisero_foto_2-768x512.jpg 768w, https:\/\/adventium.es\/wp-content\/uploads\/2024\/05\/El-Manisero_foto_2-1536x1024.jpg 1536w, https:\/\/adventium.es\/wp-content\/uploads\/2024\/05\/El-Manisero_foto_2-2048x1365.jpg 2048w\" sizes=\"auto, (max-width: 767px) 89vw, (max-width: 1000px) 54vw, (max-width: 1071px) 543px, 580px\" \/><\/figure>\n\n\n\n<figure class=\"wp-block-image size-large\"><img loading=\"lazy\" decoding=\"async\" width=\"1024\" height=\"683\" data-id=\"352\" src=\"https:\/\/adventium.es\/wp-content\/uploads\/2024\/05\/El-Manisero_foto_3-1024x683.jpg\" alt=\"\" class=\"wp-image-352\" srcset=\"https:\/\/adventium.es\/wp-content\/uploads\/2024\/05\/El-Manisero_foto_3-1024x683.jpg 1024w, https:\/\/adventium.es\/wp-content\/uploads\/2024\/05\/El-Manisero_foto_3-300x200.jpg 300w, https:\/\/adventium.es\/wp-content\/uploads\/2024\/05\/El-Manisero_foto_3-768x512.jpg 768w, https:\/\/adventium.es\/wp-content\/uploads\/2024\/05\/El-Manisero_foto_3-1536x1024.jpg 1536w, https:\/\/adventium.es\/wp-content\/uploads\/2024\/05\/El-Manisero_foto_3-2048x1365.jpg 2048w\" sizes=\"auto, (max-width: 767px) 89vw, (max-width: 1000px) 54vw, (max-width: 1071px) 543px, 580px\" \/><\/figure>\n\n\n\n<figure class=\"wp-block-image size-large\"><img loading=\"lazy\" decoding=\"async\" width=\"683\" height=\"1024\" data-id=\"353\" src=\"https:\/\/adventium.es\/wp-content\/uploads\/2024\/05\/El-Manisero_foto_4-683x1024.jpg\" alt=\"\" class=\"wp-image-353\" srcset=\"https:\/\/adventium.es\/wp-content\/uploads\/2024\/05\/El-Manisero_foto_4-683x1024.jpg 683w, https:\/\/adventium.es\/wp-content\/uploads\/2024\/05\/El-Manisero_foto_4-200x300.jpg 200w, https:\/\/adventium.es\/wp-content\/uploads\/2024\/05\/El-Manisero_foto_4-768x1152.jpg 768w, https:\/\/adventium.es\/wp-content\/uploads\/2024\/05\/El-Manisero_foto_4-1024x1536.jpg 1024w, https:\/\/adventium.es\/wp-content\/uploads\/2024\/05\/El-Manisero_foto_4-1365x2048.jpg 1365w, https:\/\/adventium.es\/wp-content\/uploads\/2024\/05\/El-Manisero_foto_4-scaled.jpg 1707w\" sizes=\"auto, (max-width: 683px) 100vw, 683px\" \/><\/figure>\n\n\n\n<figure class=\"wp-block-image size-large\"><img loading=\"lazy\" decoding=\"async\" width=\"1024\" height=\"683\" data-id=\"351\" src=\"https:\/\/adventium.es\/wp-content\/uploads\/2024\/05\/El-Manisero_foto_5-1024x683.jpg\" alt=\"\" class=\"wp-image-351\" srcset=\"https:\/\/adventium.es\/wp-content\/uploads\/2024\/05\/El-Manisero_foto_5-1024x683.jpg 1024w, https:\/\/adventium.es\/wp-content\/uploads\/2024\/05\/El-Manisero_foto_5-300x200.jpg 300w, https:\/\/adventium.es\/wp-content\/uploads\/2024\/05\/El-Manisero_foto_5-768x512.jpg 768w, https:\/\/adventium.es\/wp-content\/uploads\/2024\/05\/El-Manisero_foto_5-1536x1024.jpg 1536w, https:\/\/adventium.es\/wp-content\/uploads\/2024\/05\/El-Manisero_foto_5-2048x1365.jpg 2048w\" sizes=\"auto, (max-width: 767px) 89vw, (max-width: 1000px) 54vw, (max-width: 1071px) 543px, 580px\" \/><\/figure>\n<\/figure>\n\n\n\n<p><\/p>\n","protected":false},"excerpt":{"rendered":"<p>Teatro \/\/ M\u00fasica: Isabel, diario sonoro de una odisea contempor\u00e1nea, por Vicente Colomar \/ El Maniseo Espect\u00e1culo compuesto por canciones y m\u00fasica en directo S\u00e1bado, 15 de junio. 20:00h. Reserva tu entrada por tel\u00e9fono, whatsapp o t\u00e9legram: 686534777 Aportaci\u00f3n 10\u20ac ISABEL trata de un viaje infinito, de una odisea que no es una b\u00fasqueda sino &hellip; <\/p>\n<p class=\"link-more\"><a href=\"https:\/\/adventium.es\/index.php\/2024\/05\/29\/teatro-musica-isabel-diario-sonoro-de-una-odisea-contemporanea\/\" class=\"more-link\">Continuar leyendo<span class=\"screen-reader-text\"> \u00abTeatro \/\/ M\u00fasica: Isabel, diario sonoro de una odisea contempor\u00e1nea\u00bb<\/span><\/a><\/p>\n","protected":false},"author":1,"featured_media":0,"comment_status":"open","ping_status":"open","sticky":false,"template":"","format":"standard","meta":{"om_disable_all_campaigns":false,"footnotes":""},"categories":[1],"tags":[],"class_list":["post-347","post","type-post","status-publish","format-standard","hentry","category-sin-categoria"],"aioseo_notices":[],"_links":{"self":[{"href":"https:\/\/adventium.es\/index.php\/wp-json\/wp\/v2\/posts\/347","targetHints":{"allow":["GET"]}}],"collection":[{"href":"https:\/\/adventium.es\/index.php\/wp-json\/wp\/v2\/posts"}],"about":[{"href":"https:\/\/adventium.es\/index.php\/wp-json\/wp\/v2\/types\/post"}],"author":[{"embeddable":true,"href":"https:\/\/adventium.es\/index.php\/wp-json\/wp\/v2\/users\/1"}],"replies":[{"embeddable":true,"href":"https:\/\/adventium.es\/index.php\/wp-json\/wp\/v2\/comments?post=347"}],"version-history":[{"count":1,"href":"https:\/\/adventium.es\/index.php\/wp-json\/wp\/v2\/posts\/347\/revisions"}],"predecessor-version":[{"id":355,"href":"https:\/\/adventium.es\/index.php\/wp-json\/wp\/v2\/posts\/347\/revisions\/355"}],"wp:attachment":[{"href":"https:\/\/adventium.es\/index.php\/wp-json\/wp\/v2\/media?parent=347"}],"wp:term":[{"taxonomy":"category","embeddable":true,"href":"https:\/\/adventium.es\/index.php\/wp-json\/wp\/v2\/categories?post=347"},{"taxonomy":"post_tag","embeddable":true,"href":"https:\/\/adventium.es\/index.php\/wp-json\/wp\/v2\/tags?post=347"}],"curies":[{"name":"wp","href":"https:\/\/api.w.org\/{rel}","templated":true}]}}